{"id":1168,"date":"2018-03-02T09:40:28","date_gmt":"2018-03-02T08:40:28","guid":{"rendered":"https:\/\/www.apotheke-am-dermatologikum.de\/?p=1168"},"modified":"2018-07-16T09:42:13","modified_gmt":"2018-07-16T07:42:13","slug":"saint-charles-produkte-in-hamburg","status":"publish","type":"post","link":"https:\/\/www.apotheke-am-dermatologikum.de\/index.php\/2018\/03\/02\/saint-charles-produkte-in-hamburg\/","title":{"rendered":"Saint Charles Produkte in Hamburg"},"content":{"rendered":"<p><img loading=\"lazy\" decoding=\"async\" class=\"alignnone size-large wp-image-1218\" src=\"https:\/\/www.apotheke-am-dermatologikum.de\/wp-content\/uploads\/2018\/03\/Schwerpunkt_Natur-1030x687.jpg\" alt=\"\" width=\"1030\" height=\"687\" srcset=\"https:\/\/www.apotheke-am-dermatologikum.de\/wp-content\/uploads\/2018\/03\/Schwerpunkt_Natur-1030x687.jpg 1030w, https:\/\/www.apotheke-am-dermatologikum.de\/wp-content\/uploads\/2018\/03\/Schwerpunkt_Natur-300x200.jpg 300w, https:\/\/www.apotheke-am-dermatologikum.de\/wp-content\/uploads\/2018\/03\/Schwerpunkt_Natur-768x512.jpg 768w, https:\/\/www.apotheke-am-dermatologikum.de\/wp-content\/uploads\/2018\/03\/Schwerpunkt_Natur-1500x1000.jpg 1500w, https:\/\/www.apotheke-am-dermatologikum.de\/wp-content\/uploads\/2018\/03\/Schwerpunkt_Natur-705x470.jpg 705w, https:\/\/www.apotheke-am-dermatologikum.de\/wp-content\/uploads\/2018\/03\/Schwerpunkt_Natur-450x300.jpg 450w\" sizes=\"auto, (max-width: 1030px) 100vw, 1030px\" \/><\/p>\n<p>Der Winter hat uns fest im Griff und \u00fcberall laufen die Nasen, alles hustet. Wir werden ganz oft gefragt, was man den jetzt tun kann, um sein Immunsystem zu st\u00e4rken.<\/p>\n<p>Wir setzen auf die Kraft der Natur und die in Bio-Qualit\u00e4t hergestellten Produkte unserer Partner-Apotheke <a class=\"profileLink\" href=\"https:\/\/www.facebook.com\/SaintCharlesApothekeWien\/?fref=mentions\" data-hovercard=\"\/ajax\/hovercard\/page.php?id=283683588395925&amp;extragetparams=%7B%22fref%22%3A%22mentions%22%7D\" data-hovercard-prefer-more-content-show=\"1\">Saint Charles Apotheke Wien<\/a>. Grundlage der ausnahmslos selbst oder gemeinsam mit regionalen Partnern produzierten Kapseln, Toniken, \u00d6len etc. sind eigene Rezepturen aus der Traditionellen Europ\u00e4ischen Medizin (TEM) und damit das uralte Wissen, dass bereits unsere Gro\u00dfeltern gesund gemacht hat &#8211; kombiniert mit aktuellen modernen Erkenntnissen. Laut Paracelsus ist gegen jede Krankheit und f\u00fcr jede Gesundheit ein Kraut gewachsen. Und das direkt vor unserer Nase. RIGHT TO THE ROOTS.<\/p>\n<p>Wir beraten Sie gerne, was Ihnen hilft, wieder gesund zu werden oder gesund zu bleiben.<\/p>\n","protected":false},"excerpt":{"rendered":"<p>Der Winter hat uns fest im Griff und \u00fcberall laufen die Nasen, alles hustet. Wir werden ganz oft gefragt, was man den jetzt tun kann, um sein Immunsystem zu st\u00e4rken. Wir setzen auf die Kraft der Natur und die in Bio-Qualit\u00e4t hergestellten Produkte unserer Partner-Apotheke Saint Charles Apotheke Wien. Grundlage der ausnahmslos selbst oder gemeinsam [&hellip;]<\/p>\n","protected":false},"author":2,"featured_media":1169,"comment_status":"open","ping_status":"open","sticky":false,"template":"","format":"standard","meta":{"footnotes":""},"categories":[1],"tags":[],"class_list":["post-1168","post","type-post","status-publish","format-standard","has-post-thumbnail","hentry","category-uncategorized"],"_links":{"self":[{"href":"https:\/\/www.apotheke-am-dermatologikum.de\/index.php\/wp-json\/wp\/v2\/posts\/1168","targetHints":{"allow":["GET"]}}],"collection":[{"href":"https:\/\/www.apotheke-am-dermatologikum.de\/index.php\/wp-json\/wp\/v2\/posts"}],"about":[{"href":"https:\/\/www.apotheke-am-dermatologikum.de\/index.php\/wp-json\/wp\/v2\/types\/post"}],"author":[{"embeddable":true,"href":"https:\/\/www.apotheke-am-dermatologikum.de\/index.php\/wp-json\/wp\/v2\/users\/2"}],"replies":[{"embeddable":true,"href":"https:\/\/www.apotheke-am-dermatologikum.de\/index.php\/wp-json\/wp\/v2\/comments?post=1168"}],"version-history":[{"count":5,"href":"https:\/\/www.apotheke-am-dermatologikum.de\/index.php\/wp-json\/wp\/v2\/posts\/1168\/revisions"}],"predecessor-version":[{"id":1439,"href":"https:\/\/www.apotheke-am-dermatologikum.de\/index.php\/wp-json\/wp\/v2\/posts\/1168\/revisions\/1439"}],"wp:featuredmedia":[{"embeddable":true,"href":"https:\/\/www.apotheke-am-dermatologikum.de\/index.php\/wp-json\/wp\/v2\/media\/1169"}],"wp:attachment":[{"href":"https:\/\/www.apotheke-am-dermatologikum.de\/index.php\/wp-json\/wp\/v2\/media?parent=1168"}],"wp:term":[{"taxonomy":"category","embeddable":true,"href":"https:\/\/www.apotheke-am-dermatologikum.de\/index.php\/wp-json\/wp\/v2\/categories?post=1168"},{"taxonomy":"post_tag","embeddable":true,"href":"https:\/\/www.apotheke-am-dermatologikum.de\/index.php\/wp-json\/wp\/v2\/tags?post=1168"}],"curies":[{"name":"wp","href":"https:\/\/api.w.org\/{rel}","templated":true}]}}